{"id":13256,"date":"2017-08-08T10:03:51","date_gmt":"2017-08-08T07:03:51","guid":{"rendered":"https:\/\/adcmemorial.org?p=13256"},"modified":"2017-08-15T10:07:57","modified_gmt":"2017-08-15T07:07:57","slug":"committee-on-the-elimination-of-racial-discrimination-discusses-anti-discrimination-efforts-in-ecuador-and-tajikistan-with-civil-society","status":"publish","type":"post","link":"https:\/\/adcmemorial.org\/en\/news\/publications-about-us\/committee-on-the-elimination-of-racial-discrimination-discusses-anti-discrimination-efforts-in-ecuador-and-tajikistan-with-civil-society\/","title":{"rendered":"Committee on the Elimination of Racial Discrimination discusses anti-discrimination efforts in Ecuador and Tajikistan with civil society"},"content":{"rendered":"<p>GENEVA (7 August 2017) \u2013 The Committee on the Elimination of Racial Discrimination this morning held an informal meeting with civil society representatives from Ecuador and Tajikistan, whose reports will be considered this week.<\/p>\n<p>In her opening remarks, Anastasia Crickley, Committee Chairperson, welcomed civil society representatives from Ecuador and Tajikistan, and underlined the importance of a dialogue between the experts and civil society.<\/p>\n<p>During the discussion, representatives of civil society raised issues that they were working on.\u00a0 Those from Tajikistan focused on the situation of underrepresented and vulnerable ethnic minorities that lacked comprehensive State protection, such as the Jughi, Pamiri and Yagnobi.\u00a0 Representatives of civil society from Ecuador drew attention to the challenges faced by various indigenous communities in terms of extractive business activities in their traditional areas and privatisation of their water resources.\u00a0 Organizations also drew attention to multiples forms of discrimination faced by indigenous women, and discrimination of Ecuadorians of African descent, migrants, refugees and asylum seekers.<\/p>\n<p>Speaking in the discussion were ADC Memorial, Pueblo Kitu Kara, Land is Life, Acci\u00f3n Ecol\u00f3gica and Fundaci\u00f3n Alejandro Labaka, Coalici\u00f3n Nacional de Mujeres del Ecuador, Ecuarunari, Grupo de Pensamiento Afrodescendiente, and CAPAJ.<\/p>\n<p><b> Statement by a Non-governmental Organization on Tajikistan<\/b><\/p>\n<p>ADC Memorial explained that the organization was not based in Tajikistan.\u00a0 There was a constant risk in Tajikistan of the adoption of laws similar to those adopted by the Russian Federation on the so-called \u201cforeign agents.\u201d\u00a0 The organization focused on ethnic minorities that did not have their own national countries, such as the Central Asian Roma (the Jughi), the Pamiri and the Yagnobi.\u00a0 The Government of Tajikistan did not support them in education and did not recognize their languages.\u00a0 They lacked political representation and experienced subtle discrimination due to the neglect of their cultural and social needs.\u00a0 The Jughi minority led a nomadic life and according to official statistics amounted to some 2,500.\u00a0 However, that data was not accurate.\u00a0 At least 3,000 of them lived in and around Dushanbe, in addition to a number of other settlements in the country.\u00a0 Typically they faced structural discrimination, extreme poverty, unemployment, risk of expulsion, and harmful practices, such as exploitation of children, early and forced marriage, and polygamy.\u00a0 The Government of Tajikistan denied that there was any discrimination of the Jughi.\u00a0 Their passports contained a Russian page and a Tajik page indicating their ethnicity as \u201cRoma\/Tsigan.\u201d<\/p>\n<p>The Pamiri were not allowed to mention their ethnicity in their passports, and were recorded as Tajik.\u00a0 They lived in mountainous areas, and they faced prejudices and stereotypes.\u00a0 They were considered as \u201cbad Muslims\u201d because they belonged to the Shia Ismaili religion, while the majority of the Tajiks were Sunni Muslims.\u00a0 They were often suspected of separatism because during the civil war they had supported opposition groups.\u00a0 They were denied education in their native language.\u00a0 The third community were the Yagnobi, who lived in isolated mountainous settlements around the Yagnobi River.\u00a0 There were between 5,000 to 15,000 Yagnobis in the country.\u00a0 Their language and culture were under the threat of extinction.\u00a0 As for the Uzbeks and Kyrgyz, there were schools in their languages, but no opportunity to pass State exams in those languages.\u00a0 As a result, Uzbek and Kyrgyz parents preferred to place their children in Tajik schools.\u00a0\u00a0 Attitudes towards the Uzbeks were quite negative due to the bad relations between Tajikistan and Uzbekistan.\u00a0 The Uzbeks made up about 14 per cent of the population, but their political representation stood at around 6 per cent.<\/p>\n<p><b> Questions by the Committee Experts<\/b><\/p>\n<p>YANDUAN LI, Committee Expert and Country Rapporteur for Tajikistan, noted the lack of information in the country report.\u00a0 Refugees and asylum seekers were not allowed to live in certain parts of Tajikistan, such as Dushanbe, and they did not have access to work, adequate housing and healthcare.\u00a0 There was also the issue of the definition of racial discrimination and hate crime.\u00a0 The change of names of certain villages and towns was another problematic issue, which had to do with the change of Russian and Soviet-era names.\u00a0 That change had taken place without any consultation with the local population.<\/p>\n<p><b> Responses by the Non-governmental Organization<\/b><\/p>\n<p>ADC Memorial clarified that the problem of stateless persons was common in all former Soviet republics.\u00a0 Part of the problem was the weak documentation of the Jughi minority, connected with their poverty and slow collection of birth certificates.\u00a0 Some Jughi could not change their Uzbek passports, due to bad relations between Tajikistan and Uzbekistan.\u00a0 Tajikistan rejected the need for the adoption of a comprehensive anti-discrimination law. \u00a0As for the name change of villages and town, that was a real problem which, in fact, represented \u201cTajikisation.\u201d<\/p>\n<p><b> Questions by Experts<\/b><\/p>\n<p>Had there been any discrimination cases brought to court?\u00a0 Was there a Tajikisation of all residents of the country?\u00a0 Were the Jughi recognized as citizens of Tajikistan or not?<\/p>\n<p><b> Responses by the Non-governmental Organization<\/b><\/p>\n<p>ADC Memorial explained that there had been no cases of racial discrimination in front of courts in Tajikistan.\u00a0 In various censuses over the years, there were different ways of reporting on ethnic minorities.\u00a0 The Yagnobi migrated from their traditional areas due to mass labour migration to the Russian Federation.\u00a0 The Jughi were not fully regarded as regular Tajik citizens because their Jughi ethnicity was recorded in their passports.<\/p>\n<p><a href=\"http:\/\/www.ohchr.org\/EN\/NewsEvents\/Pages\/DisplayNews.aspx?NewsID=21945&amp;LangID=E\">Read full report<\/a><\/p>\n<p>&nbsp;<\/p>\n","protected":false},"excerpt":{"rendered":"<p>GENEVA (7 August 2017) \u2013 The Committee on the Elimination of Racial Discrimination this morning held an informal meeting with civil society representatives from Ecuador and Tajikistan, whose reports will be considered this week. In her opening remarks, Anastasia Crickley,&#8230;<\/p>\n","protected":false},"author":3,"featured_media":0,"comment_status":"closed","ping_status":"closed","sticky":false,"template":"","format":"standard","meta":{"_acf_changed":false,"footnotes":""},"categories":[107],"tags":[434],"strategy_cases":[],"campaign":[],"archive":[],"filter-content":[],"regions":[158],"class_list":["post-13256","post","type-post","status-publish","format-standard","hentry","category-publications-about-us","tag-cerd","regions-tajikistan"],"acf":[],"aioseo_notices":[],"featured_image_urls_v2":{"full":"","thumbnail":"","medium":"","medium_large":"","large":"","1536x1536":"","2048x2048":"","pub-thumb":"","post-thumb":"","wcicon":"","wcsquare":"","wcsmall":"","wcstandard":"","wcbig":"","wcfixedheightsmall":"","wcfixedheightmedium":"","wcfixedheight":"","wccarouselsmall":"","wccarousel":"","wcslider":""},"post_excerpt_stackable_v2":"<p>GENEVA (7 August 2017) \u2013 The Committee on the Elimination of Racial Discrimination this morning held an informal meeting with civil society representatives from Ecuador and Tajikistan, whose reports will be considered this week. In her opening remarks, Anastasia Crickley, Committee Chairperson, welcomed civil society representatives from Ecuador and Tajikistan, and underlined the importance of a dialogue between the experts and civil society. During the discussion, representatives of civil society raised issues that they were working on.\u00a0 Those from Tajikistan focused on the situation of underrepresented and vulnerable ethnic minorities that lacked comprehensive State protection, such as the Jughi, Pamiri&hellip;<\/p>\n","category_list_v2":"<a href=\"https:\/\/adcmemorial.org\/en\/category\/news\/publications-about-us\/\" rel=\"category tag\">Publication about us<\/a>","author_info_v2":{"name":"admin3","url":"https:\/\/adcmemorial.org\/en\/author\/admin3\/"},"comments_num_v2":"0 comments","amp_enabled":true,"_links":{"self":[{"href":"https:\/\/adcmemorial.org\/en\/wp-json\/wp\/v2\/posts\/13256","targetHints":{"allow":["GET"]}}],"collection":[{"href":"https:\/\/adcmemorial.org\/en\/wp-json\/wp\/v2\/posts"}],"about":[{"href":"https:\/\/adcmemorial.org\/en\/wp-json\/wp\/v2\/types\/post"}],"author":[{"embeddable":true,"href":"https:\/\/adcmemorial.org\/en\/wp-json\/wp\/v2\/users\/3"}],"replies":[{"embeddable":true,"href":"https:\/\/adcmemorial.org\/en\/wp-json\/wp\/v2\/comments?post=13256"}],"version-history":[{"count":1,"href":"https:\/\/adcmemorial.org\/en\/wp-json\/wp\/v2\/posts\/13256\/revisions"}],"predecessor-version":[{"id":13257,"href":"https:\/\/adcmemorial.org\/en\/wp-json\/wp\/v2\/posts\/13256\/revisions\/13257"}],"wp:attachment":[{"href":"https:\/\/adcmemorial.org\/en\/wp-json\/wp\/v2\/media?parent=13256"}],"wp:term":[{"taxonomy":"category","embeddable":true,"href":"https:\/\/adcmemorial.org\/en\/wp-json\/wp\/v2\/categories?post=13256"},{"taxonomy":"post_tag","embeddable":true,"href":"https:\/\/adcmemorial.org\/en\/wp-json\/wp\/v2\/tags?post=13256"},{"taxonomy":"strategy_cases","embeddable":true,"href":"https:\/\/adcmemorial.org\/en\/wp-json\/wp\/v2\/strategy_cases?post=13256"},{"taxonomy":"campaign","embeddable":true,"href":"https:\/\/adcmemorial.org\/en\/wp-json\/wp\/v2\/campaign?post=13256"},{"taxonomy":"archive","embeddable":true,"href":"https:\/\/adcmemorial.org\/en\/wp-json\/wp\/v2\/archive?post=13256"},{"taxonomy":"filter-content","embeddable":true,"href":"https:\/\/adcmemorial.org\/en\/wp-json\/wp\/v2\/filter-content?post=13256"},{"taxonomy":"regions","embeddable":true,"href":"https:\/\/adcmemorial.org\/en\/wp-json\/wp\/v2\/regions?post=13256"}],"curies":[{"name":"wp","href":"https:\/\/api.w.org\/{rel}","templated":true}]}}