{"id":15970,"date":"2019-04-08T01:48:51","date_gmt":"2019-04-07T22:48:51","guid":{"rendered":"https:\/\/adcmemorial.org\/?p=15970"},"modified":"2020-02-29T16:53:51","modified_gmt":"2020-02-29T13:53:51","slug":"al-ona","status":"publish","type":"post","link":"https:\/\/adcmemorial.org\/en\/news\/al-ona\/","title":{"rendered":"\u018e Al\u2019ona"},"content":{"rendered":"<h4><span lang=\"ru-RU\">Ando Int\u01ddrna<\/span><span lang=\"is-IS\">cy<\/span><span lang=\"ru-RU\">onal&#8217;no rromano des AD<\/span><span lang=\"en-US\">C<\/span><span lang=\"ru-RU\"> \u00abMemorialo\u00bb la\u015bard\u2019a \u01dd istori<\/span><span lang=\"en-US\">j<\/span><span lang=\"ru-RU\">a le patre<\/span><span lang=\"en-US\">c<\/span><span lang=\"ru-RU\">\u01ddn<\/span><span lang=\"en-US\">c<\/span><span lang=\"ru-RU\">a \u00ab\u018e Al\u2019ona\u00bb pal rromane glati ka<\/span><span lang=\"en-US\">j<\/span><span lang=\"ru-RU\"> g\u01ddle te u<\/span><span lang=\"ru-RU\">inpe. Kad\u2019a sy<\/span><span lang=\"ru-RU\">a<\/span><span lang=\"ru-RU\">i istori<\/span><span lang=\"en-US\">j<\/span><span lang=\"ru-RU\">a pa<\/span><span lang=\"en-US\">j<\/span><span lang=\"ru-RU\"> diskrimina<\/span><span lang=\"en-US\">c<\/span><span lang=\"ru-RU\">y<\/span><span lang=\"en-US\">j<\/span><span lang=\"ru-RU\">a ande <\/span><span lang=\"lt-LT\">\u0161<\/span><span lang=\"ru-RU\">kola ka<\/span><span lang=\"en-US\">j<\/span><span lang=\"ru-RU\"> ame mi<\/span><span lang=\"lt-LT\">\u0161<\/span><span lang=\"ru-RU\">to \u017aanas savorr\u01dd.<\/span><\/h4>\n<p><span lang=\"ru-RU\"><a href=\"https:\/\/adcmemorial.org\/wp-content\/uploads\/Alyona-1.jpg\"><img loading=\"lazy\" decoding=\"async\" class=\"aligncenter size-large wp-image-15948\" src=\"https:\/\/adcmemorial.org\/wp-content\/uploads\/Alyona-1-650x443.jpg\" alt=\"\" width=\"640\" height=\"436\" srcset=\"https:\/\/adcmemorial.org\/wp-content\/uploads\/Alyona-1-650x443.jpg 650w, https:\/\/adcmemorial.org\/wp-content\/uploads\/Alyona-1-300x205.jpg 300w, https:\/\/adcmemorial.org\/wp-content\/uploads\/Alyona-1-768x524.jpg 768w, https:\/\/adcmemorial.org\/wp-content\/uploads\/Alyona-1-220x150.jpg 220w, https:\/\/adcmemorial.org\/wp-content\/uploads\/Alyona-1-250x170.jpg 250w, https:\/\/adcmemorial.org\/wp-content\/uploads\/Alyona-1-550x375.jpg 550w, https:\/\/adcmemorial.org\/wp-content\/uploads\/Alyona-1-800x545.jpg 800w, https:\/\/adcmemorial.org\/wp-content\/uploads\/Alyona-1-264x180.jpg 264w, https:\/\/adcmemorial.org\/wp-content\/uploads\/Alyona-1-440x300.jpg 440w, https:\/\/adcmemorial.org\/wp-content\/uploads\/Alyona-1-733x500.jpg 733w\" sizes=\"auto, (max-width: 640px) 100vw, 640px\" \/><\/a><\/span><\/p>\n<p><span lang=\"ru-RU\">\u018e Al\u2019ona, lako phral o <\/span><span lang=\"lt-LT\">\u0160<\/span><span lang=\"ru-RU\">abano a<\/span><span lang=\"en-US\">j<\/span><span lang=\"ru-RU\"> lak\u01dd v\u01ddr\u2019a \u01dd <\/span><span lang=\"en-US\">J<\/span><span lang=\"ru-RU\">elza a<\/span><span lang=\"en-US\">j<\/span><span lang=\"ru-RU\"> o Grigara<\/span><span lang=\"lt-LT\">\u0161<\/span><span lang=\"ru-RU\"> tidenpe te \u017aan ka<\/span><span lang=\"lt-LT\">j<\/span> <span lang=\"lt-LT\">\u0161<\/span><span lang=\"ru-RU\">kola. <\/span>Von train ande bar \u01dd bari ka<span lang=\"lt-LT\">j<\/span> sy opral pa du<span lang=\"lt-LT\">j<\/span> <span lang=\"lt-LT\">\u0161<\/span>\u01ddla semestur<span lang=\"en-US\">\u2019<\/span>a. Le rrom le bar\u01dd \u0107i \u017aanen te dinen, a<span lang=\"en-US\">j<\/span> leng\u01dd glati kamen te phiren ka<span lang=\"en-US\">j<\/span> <span lang=\"en-US\">\u0161<\/span>kola. E Al<span lang=\"en-US\">\u2019<\/span>ona kamel te k\u01ddrd<span lang=\"en-US\">\u2019<\/span>ol uitel&#8217;ni<span lang=\"en-US\">c<\/span>a, sar \u01dd Anna Petrovna, ka<span lang=\"en-US\">j<\/span> uisard<span lang=\"en-US\">\u2019<\/span>a la d\u01dd kata 1 \u017ai ka 4 klaso. \u018e <span lang=\"lt-LT\">J<\/span>elza \u017aal ande <span lang=\"lt-LT\">\u0161<\/span>kola pervo data, vo<span lang=\"lt-LT\">j<\/span> kamel te k\u01ddrd<span lang=\"en-US\">\u2019<\/span>ol doktoro. Vo<span lang=\"en-US\">j<\/span> ivende sas ka<span lang=\"en-US\">j<\/span> bol&#8217;nica ando ra<span lang=\"en-US\">j<\/span>ono, koe ande palata ka<span lang=\"en-US\">j<\/span> be<span lang=\"lt-LT\">\u0161<\/span>\u01ddnas le rromane glati sas rryso <span lang=\"lt-LT\">\u0161<\/span>yl, a<span lang=\"lt-LT\">j<\/span> khoniki dikh\u01ddlas lendar. Atuni \u01dd <span lang=\"lt-LT\">J<\/span>elza at<span lang=\"en-US\">\u2019<\/span>ard<span lang=\"en-US\">\u2019<\/span>a k\u01dd kado sy bari dela kana o doktoro dikh\u01ddl le nasvale glaten. O <span lang=\"en-US\">\u0160<\/span>abano kamel te k\u01ddrd<span lang=\"en-US\">\u2019<\/span>ol k\u01ddtana, k\u01dd vo gyndil k\u01dd le k\u01ddtani sy may saste manu<span lang=\"lt-LT\">\u0161<\/span>.<\/p>\n<p><a href=\"https:\/\/adcmemorial.org\/wp-content\/uploads\/Alyona-2.jpg\"><img loading=\"lazy\" decoding=\"async\" class=\"aligncenter size-large wp-image-15950\" src=\"https:\/\/adcmemorial.org\/wp-content\/uploads\/Alyona-2-650x471.jpg\" alt=\"\" width=\"640\" height=\"464\" srcset=\"https:\/\/adcmemorial.org\/wp-content\/uploads\/Alyona-2-650x471.jpg 650w, https:\/\/adcmemorial.org\/wp-content\/uploads\/Alyona-2-300x217.jpg 300w, https:\/\/adcmemorial.org\/wp-content\/uploads\/Alyona-2-768x556.jpg 768w, https:\/\/adcmemorial.org\/wp-content\/uploads\/Alyona-2-220x159.jpg 220w, https:\/\/adcmemorial.org\/wp-content\/uploads\/Alyona-2-250x181.jpg 250w, https:\/\/adcmemorial.org\/wp-content\/uploads\/Alyona-2-550x398.jpg 550w, https:\/\/adcmemorial.org\/wp-content\/uploads\/Alyona-2-800x579.jpg 800w, https:\/\/adcmemorial.org\/wp-content\/uploads\/Alyona-2-249x180.jpg 249w, https:\/\/adcmemorial.org\/wp-content\/uploads\/Alyona-2-414x300.jpg 414w, https:\/\/adcmemorial.org\/wp-content\/uploads\/Alyona-2-691x500.jpg 691w\" sizes=\"auto, (max-width: 640px) 100vw, 640px\" \/><\/a><\/p>\n<p>Kana le glati g\u01ddle ka<span lang=\"lt-LT\">j<\/span> \u0161kola, von dikhle k\u01dd le glaten vulaven le \u2014 le raklorr\u01dd \u017aan ka<span lang=\"lt-LT\">j<\/span> bari \u0107a\u0107i \u0161kola, a<span lang=\"lt-LT\">j<\/span> le \u015bavorre \u017aan ka<span lang=\"lt-LT\">j<\/span> cynorry \u00abrromai\u00bb \u0161kola. <span lang=\"ru-RU\">Ande kod\u2019a \u0161kola \u01dd cynorry ka<\/span><span lang=\"en-US\">j<\/span><span lang=\"ru-RU\"> sy rromai u<\/span><span lang=\"ru-RU\">inpe opral pa k \u0161\u01ddl glati. <\/span>Ko\u0107e ande \u0161kola sy numa du<span lang=\"en-US\">j<\/span> komnacy, a<span lang=\"en-US\">j<\/span> trin ga\u017aa ka<span lang=\"en-US\">j<\/span> syt<span lang=\"en-US\">\u2019<\/span>aren le cynorr\u01dd glaten sorro des. Le glati ka<span lang=\"en-US\">j<\/span> sy ma<span lang=\"en-US\">j<\/span> bar\u01dd d\u01ddt\u01ddt \u0107i mekle le ande bar la \u0161kolati.<\/p>\n<p><a href=\"https:\/\/adcmemorial.org\/wp-content\/uploads\/Alyona-3.jpg\"><img loading=\"lazy\" decoding=\"async\" class=\"aligncenter size-large wp-image-15952\" src=\"https:\/\/adcmemorial.org\/wp-content\/uploads\/Alyona-3-650x443.jpg\" alt=\"\" width=\"640\" height=\"436\" srcset=\"https:\/\/adcmemorial.org\/wp-content\/uploads\/Alyona-3-650x443.jpg 650w, https:\/\/adcmemorial.org\/wp-content\/uploads\/Alyona-3-300x205.jpg 300w, https:\/\/adcmemorial.org\/wp-content\/uploads\/Alyona-3-768x524.jpg 768w, https:\/\/adcmemorial.org\/wp-content\/uploads\/Alyona-3-220x150.jpg 220w, https:\/\/adcmemorial.org\/wp-content\/uploads\/Alyona-3-250x170.jpg 250w, https:\/\/adcmemorial.org\/wp-content\/uploads\/Alyona-3-550x375.jpg 550w, https:\/\/adcmemorial.org\/wp-content\/uploads\/Alyona-3-800x545.jpg 800w, https:\/\/adcmemorial.org\/wp-content\/uploads\/Alyona-3-264x180.jpg 264w, https:\/\/adcmemorial.org\/wp-content\/uploads\/Alyona-3-440x300.jpg 440w, https:\/\/adcmemorial.org\/wp-content\/uploads\/Alyona-3-733x500.jpg 733w\" sizes=\"auto, (max-width: 640px) 100vw, 640px\" \/><\/a><\/p>\n<p>Le glaticy \u01dd <span lang=\"en-US\">J<\/span>elza a<span lang=\"en-US\">j<\/span> o \u0160abano kamenas te \u017aan ande \u0161kola \u01dd bari. <span lang=\"ru-RU\">Ko\u0107e sy la\u015be bar\u01dd komnacy, sportzalo, biblioteka, \u01dd komnata ka<\/span><span lang=\"en-US\">j<\/span><span lang=\"ru-RU\"> sy le kamp\u2019ut\u01ddr\u2019a, \u01dd komnata ka<\/span><span lang=\"en-US\">j<\/span> <span lang=\"en-US\">x<\/span><span lang=\"ru-RU\">an le glati, \u01dd komnata ka<\/span><span lang=\"en-US\">j<\/span><span lang=\"ru-RU\"> denpe le cal\u2019a, a<\/span><span lang=\"en-US\">j<\/span><span lang=\"ru-RU\"> la\u015barde neve bud\u01ddri. No len \u0107i mek\u01ddn le ko\u0107e a<\/span><span lang=\"en-US\">j<\/span><span lang=\"ru-RU\"> traden le ande cynorry \u0161kola ka<\/span><span lang=\"en-US\">j<\/span><span lang=\"ru-RU\"> na<\/span><span lang=\"en-US\">j<\/span><span lang=\"ru-RU\"> than kaste <\/span><span lang=\"en-US\">x<\/span><span lang=\"ru-RU\">alavenpe le vast, na<\/span><span lang=\"en-US\">j<\/span><span lang=\"ru-RU\"> bar\u01dd komnacy, na<\/span><span lang=\"en-US\">j<\/span><span lang=\"ru-RU\"> kni<\/span><span lang=\"lt-LT\">\u017e<\/span><span lang=\"ru-RU\">ki. Sa kadala delur\u2019a na<\/span><span lang=\"en-US\">j<\/span><span lang=\"ru-RU\"> le rromane glateng\u01dd.<\/span><\/p>\n<p><span lang=\"ru-RU\"><a href=\"https:\/\/adcmemorial.org\/wp-content\/uploads\/Alyona-4.jpg\"><img loading=\"lazy\" decoding=\"async\" class=\"aligncenter size-large wp-image-15954\" src=\"https:\/\/adcmemorial.org\/wp-content\/uploads\/Alyona-4-650x465.jpg\" alt=\"\" width=\"640\" height=\"458\" srcset=\"https:\/\/adcmemorial.org\/wp-content\/uploads\/Alyona-4-650x465.jpg 650w, https:\/\/adcmemorial.org\/wp-content\/uploads\/Alyona-4-300x215.jpg 300w, https:\/\/adcmemorial.org\/wp-content\/uploads\/Alyona-4-768x550.jpg 768w, https:\/\/adcmemorial.org\/wp-content\/uploads\/Alyona-4-220x158.jpg 220w, https:\/\/adcmemorial.org\/wp-content\/uploads\/Alyona-4-250x179.jpg 250w, https:\/\/adcmemorial.org\/wp-content\/uploads\/Alyona-4-550x394.jpg 550w, https:\/\/adcmemorial.org\/wp-content\/uploads\/Alyona-4-800x573.jpg 800w, https:\/\/adcmemorial.org\/wp-content\/uploads\/Alyona-4-251x180.jpg 251w, https:\/\/adcmemorial.org\/wp-content\/uploads\/Alyona-4-419x300.jpg 419w, https:\/\/adcmemorial.org\/wp-content\/uploads\/Alyona-4-698x500.jpg 698w, https:\/\/adcmemorial.org\/wp-content\/uploads\/Alyona-4-210x150.jpg 210w, https:\/\/adcmemorial.org\/wp-content\/uploads\/Alyona-4-400x285.jpg 400w\" sizes=\"auto, (max-width: 640px) 100vw, 640px\" \/><\/a><\/span><\/p>\n<p><span lang=\"ru-RU\">\u018e Al\u2019ona ma<\/span><span lang=\"en-US\">j<\/span><span lang=\"ru-RU\"> fugo kamelas te \u017aal ando 5 klaso ande bari \u0161kola \u2014 vo<\/span><span lang=\"en-US\">j<\/span><span lang=\"ru-RU\"> mi\u0161to u<\/span><span lang=\"ru-RU\">ilaspe ande le klasur\u2019a le cygne, akana vo<\/span><span lang=\"en-US\">j<\/span><span lang=\"ru-RU\"> trubul te \u017aal ande bari \u0161kola ka<\/span><span lang=\"en-US\">j<\/span><span lang=\"ru-RU\"> ka sako uroko syt\u2019ar\u01ddl aver ga\u017ao. <\/span>Le glati ka<span lang=\"en-US\">j<\/span> kon\u0107isarde \u01dd \u0161kola \u01dd rromai kamen te \u017aan ande bari \u0161kola, no len \u0107i mek\u01ddn le a<span lang=\"en-US\">j<\/span> phandaven angla lende le udara. Le glaticy a\u015bile avri, a\u0161unen sar ba\u0161\u01ddl o zvanoko, a<span lang=\"en-US\">j<\/span> na\u0161tin te \u017aan andr\u01dd ande \u0161kola. Le glati \u0107i kamen te \u017aan kh\u01ddr\u01dd, k\u01dd \u017aanen k\u01dd sy le vo<span lang=\"en-US\">j<\/span>a te u\u0107inpe. Le glati cypin a<span lang=\"en-US\">j<\/span> ba\u0161aven ando udar la \u0161kolako ka<span lang=\"en-US\">j<\/span> sy phandado. O direktoro la \u0161kolako \u01dd Zinaida Georgievna cypil anda<span lang=\"en-US\">j<\/span> \u0161kola: Rromano klaso na<span lang=\"en-US\">j<\/span> ame, a<span lang=\"en-US\">j<\/span> te syt<span lang=\"en-US\">\u2019<\/span>on tume le raklorr\u01ddnca tumeng\u01dd na<span lang=\"en-US\">j<\/span> vo<span lang=\"en-US\">j<\/span>a, \u017aan tumeng\u01dd kh\u01ddr\u01dd! Le glati at<span lang=\"en-US\">\u2019<\/span>aren k\u01dd akana aven le k\u01ddtani a<span lang=\"en-US\">j<\/span> len le. <span lang=\"ru-RU\">Musa<\/span><span lang=\"en-US\">j<\/span><span lang=\"ru-RU\"> te \u017aan kh\u01ddr\u01dd!\u00a0<\/span><\/p>\n<p><span lang=\"ru-RU\">_<\/span>_____<\/p>\n<h4><span lang=\"ru-RU\">Kado divano <\/span><span lang=\"ru-RU\">a<\/span><span lang=\"ru-RU\">o lo (numa aver anava): but rromane glati ande Rrusyja, Ukraina aj Moldova, Uzbekistano aj Tad\u017eykistano na\u0161tin te phiren kaj \u0161kola. Len nik\u01ddr\u01ddn le ande \u0161kola \u01dd rromai, aj maj angle <\/span><span lang=\"ru-RU\">i mek\u01ddn le te \u017aan te syt\u2019on. Kana pu\u015ben katal ga\u017ae kaj sar \u01dd Zinaida Georgievna syt\u2019ar\u01ddn le rromane glaten \u2014 sostar le rromane glate kaj phir\u01ddn lende kaj \u0161kola <\/span><span lang=\"ru-RU\">i kon<\/span><span lang=\"ru-RU\">iin la, von phenen \u2014 \u00able rrom korkorro <\/span><span lang=\"ru-RU\">i kamen te u<\/span><span lang=\"ru-RU\">inpe\u00bb<\/span><\/h4>\n<h4>Ka sako glata sy la voja te phirel kaj \u0161kola. Le pedagogur\u2019a trubun te syt\u2019ar\u01ddn savorr\u01ddn jekh f\u2019alo.<\/h4>\n<p><em>Artist &#8211; HN, schoolboy<\/em><\/p>\n<p><iframe loading=\"lazy\" src=\"https:\/\/www.youtube.com\/embed\/WERppUgM_xc\" width=\"560\" height=\"315\" frameborder=\"0\" allowfullscreen=\"allowfullscreen\"><\/iframe><\/p>\n","protected":false},"excerpt":{"rendered":"<p>Ando Int\u01ddrnacyonal&#8217;no rromano des ADC \u00abMemorialo\u00bb la\u015bard\u2019a \u01dd istorija le patrec\u01ddnca \u00ab\u018e Al\u2019ona\u00bb pal rromane glati kaj g\u01ddle te uinpe. Kad\u2019a syai istorija paj diskriminacyja ande \u0161kola kaj ame mi\u0161to \u017aanas savorr\u01dd. \u018e Al\u2019ona, lako phral o \u0160abano aj lak\u01dd&#8230;<\/p>\n","protected":false},"author":3,"featured_media":15950,"comment_status":"closed","ping_status":"closed","sticky":false,"template":"","format":"standard","meta":{"_acf_changed":false,"footnotes":""},"categories":[2],"tags":[160],"strategy_cases":[],"campaign":[],"archive":[],"filter-content":[],"regions":[],"class_list":["post-15970","post","type-post","status-publish","format-standard","has-post-thumbnail","hentry","category-news","tag-roma-rights-en"],"acf":[],"aioseo_notices":[],"featured_image_urls_v2":{"full":["https:\/\/adcmemorial.org\/wp-content\/uploads\/Alyona-2.jpg",3286,2379,false],"thumbnail":["https:\/\/adcmemorial.org\/wp-content\/uploads\/Alyona-2-125x125.jpg",125,125,true],"medium":["https:\/\/adcmemorial.org\/wp-content\/uploads\/Alyona-2-300x217.jpg",300,217,true],"medium_large":["https:\/\/adcmemorial.org\/wp-content\/uploads\/Alyona-2-768x556.jpg",640,463,true],"large":["https:\/\/adcmemorial.org\/wp-content\/uploads\/Alyona-2-650x471.jpg",640,464,true],"1536x1536":["https:\/\/adcmemorial.org\/wp-content\/uploads\/Alyona-2.jpg",1536,1112,false],"2048x2048":["https:\/\/adcmemorial.org\/wp-content\/uploads\/Alyona-2.jpg",2048,1483,false],"pub-thumb":["https:\/\/adcmemorial.org\/wp-content\/uploads\/Alyona-2-220x159.jpg",220,159,true],"post-thumb":["https:\/\/adcmemorial.org\/wp-content\/uploads\/Alyona-2-170x170.jpg",170,170,true],"wcicon":["https:\/\/adcmemorial.org\/wp-content\/uploads\/Alyona-2-48x48.jpg",48,48,true],"wcsquare":["https:\/\/adcmemorial.org\/wp-content\/uploads\/Alyona-2-300x300.jpg",300,300,true],"wcsmall":["https:\/\/adcmemorial.org\/wp-content\/uploads\/Alyona-2-250x181.jpg",250,181,true],"wcstandard":["https:\/\/adcmemorial.org\/wp-content\/uploads\/Alyona-2-550x398.jpg",550,398,true],"wcbig":["https:\/\/adcmemorial.org\/wp-content\/uploads\/Alyona-2-800x579.jpg",800,579,true],"wcfixedheightsmall":["https:\/\/adcmemorial.org\/wp-content\/uploads\/Alyona-2-249x180.jpg",249,180,true],"wcfixedheightmedium":["https:\/\/adcmemorial.org\/wp-content\/uploads\/Alyona-2-414x300.jpg",414,300,true],"wcfixedheight":["https:\/\/adcmemorial.org\/wp-content\/uploads\/Alyona-2-691x500.jpg",691,500,true],"wccarouselsmall":["https:\/\/adcmemorial.org\/wp-content\/uploads\/Alyona-2-210x150.jpg",210,150,true],"wccarousel":["https:\/\/adcmemorial.org\/wp-content\/uploads\/Alyona-2-400x285.jpg",400,285,true],"wcslider":["https:\/\/adcmemorial.org\/wp-content\/uploads\/Alyona-2-1100x500.jpg",1100,500,true]},"post_excerpt_stackable_v2":"<p>Ando Int\u01ddrnacyonal&#8217;no rromano des ADC \u00abMemorialo\u00bb la\u015bard\u2019a \u01dd istorija le patrec\u01ddnca \u00ab\u018e Al\u2019ona\u00bb pal rromane glati kaj g\u01ddle te uinpe. Kad\u2019a syai istorija paj diskriminacyja ande \u0161kola kaj ame mi\u0161to \u017aanas savorr\u01dd. \u018e Al\u2019ona, lako phral o \u0160abano aj lak\u01dd v\u01ddr\u2019a \u01dd Jelza aj o Grigara\u0161 tidenpe te \u017aan kaj \u0161kola. Von train ande bar \u01dd bari kaj sy opral pa duj \u0161\u01ddla semestur\u2019a. Le rrom le bar\u01dd \u0107i \u017aanen te dinen, aj leng\u01dd glati kamen te phiren kaj \u0161kola. E Al\u2019ona kamel te k\u01ddrd\u2019ol uitel&#8217;nica, sar \u01dd Anna Petrovna, kaj uisard\u2019a la d\u01dd kata 1 \u017ai ka 4 klaso.&hellip;<\/p>\n","category_list_v2":"<a href=\"https:\/\/adcmemorial.org\/en\/category\/news\/\" rel=\"category tag\">News<\/a>","author_info_v2":{"name":"admin3","url":"https:\/\/adcmemorial.org\/en\/author\/admin3\/"},"comments_num_v2":"0 comments","amp_enabled":true,"_links":{"self":[{"href":"https:\/\/adcmemorial.org\/en\/wp-json\/wp\/v2\/posts\/15970","targetHints":{"allow":["GET"]}}],"collection":[{"href":"https:\/\/adcmemorial.org\/en\/wp-json\/wp\/v2\/posts"}],"about":[{"href":"https:\/\/adcmemorial.org\/en\/wp-json\/wp\/v2\/types\/post"}],"author":[{"embeddable":true,"href":"https:\/\/adcmemorial.org\/en\/wp-json\/wp\/v2\/users\/3"}],"replies":[{"embeddable":true,"href":"https:\/\/adcmemorial.org\/en\/wp-json\/wp\/v2\/comments?post=15970"}],"version-history":[{"count":1,"href":"https:\/\/adcmemorial.org\/en\/wp-json\/wp\/v2\/posts\/15970\/revisions"}],"predecessor-version":[{"id":15972,"href":"https:\/\/adcmemorial.org\/en\/wp-json\/wp\/v2\/posts\/15970\/revisions\/15972"}],"wp:featuredmedia":[{"embeddable":true,"href":"https:\/\/adcmemorial.org\/en\/wp-json\/wp\/v2\/media\/15950"}],"wp:attachment":[{"href":"https:\/\/adcmemorial.org\/en\/wp-json\/wp\/v2\/media?parent=15970"}],"wp:term":[{"taxonomy":"category","embeddable":true,"href":"https:\/\/adcmemorial.org\/en\/wp-json\/wp\/v2\/categories?post=15970"},{"taxonomy":"post_tag","embeddable":true,"href":"https:\/\/adcmemorial.org\/en\/wp-json\/wp\/v2\/tags?post=15970"},{"taxonomy":"strategy_cases","embeddable":true,"href":"https:\/\/adcmemorial.org\/en\/wp-json\/wp\/v2\/strategy_cases?post=15970"},{"taxonomy":"campaign","embeddable":true,"href":"https:\/\/adcmemorial.org\/en\/wp-json\/wp\/v2\/campaign?post=15970"},{"taxonomy":"archive","embeddable":true,"href":"https:\/\/adcmemorial.org\/en\/wp-json\/wp\/v2\/archive?post=15970"},{"taxonomy":"filter-content","embeddable":true,"href":"https:\/\/adcmemorial.org\/en\/wp-json\/wp\/v2\/filter-content?post=15970"},{"taxonomy":"regions","embeddable":true,"href":"https:\/\/adcmemorial.org\/en\/wp-json\/wp\/v2\/regions?post=15970"}],"curies":[{"name":"wp","href":"https:\/\/api.w.org\/{rel}","templated":true}]}}