{"id":32668,"date":"2023-08-30T11:52:50","date_gmt":"2023-08-30T08:52:50","guid":{"rendered":"https:\/\/adcmemorial.org\/?p=32668"},"modified":"2023-09-01T12:09:02","modified_gmt":"2023-09-01T09:09:02","slug":"lacroix-en-russie-le-projet-des-afro-villages-passe-mal","status":"publish","type":"post","link":"https:\/\/adcmemorial.org\/en\/news\/publications-about-us\/media-about-us\/lacroix-en-russie-le-projet-des-afro-villages-passe-mal\/","title":{"rendered":"LaCroix: En Russie, le projet des afro-villages passe mal"},"content":{"rendered":"<p><a href=\"https:\/\/www.la-croix.com\/Monde\/En-Russie-projet-afro-villages-passe-mal-2023-08-30-1201280700?utm_content=1201280700&amp;utm_medium=email&amp;utm_source=ambassador&amp;st=b300264a\"><strong>LaCroix:<\/strong><\/a><\/p>\n<p>&#8230;Les pr\u00e9jug\u00e9s racistes \u00e0 l\u2019\u00e9gard des Africains, mais \u00e9galement des habitants du Caucase et des anciennes r\u00e9publiques sovi\u00e9tiques d\u2019Asie centrale, ont en effet \u00e9t\u00e9 point\u00e9s \u00e0 de nombreuses reprises par les \u00e9tudes. Les sondages du centre Levada montrent qu\u2019une forte majorit\u00e9 de Russes se disent tr\u00e8s hostiles \u00e0 vivre, travailler ou se marier avec des \u00e9trangers d\u2019origine africaine, rom ou asiatique&#8230;<\/p>\n<p>\u00ab On peut parler de racisme syst\u00e9mique, observe Stephania Koulaeva, responsable du Centre anti-discrimination chez Memorial. C\u2019est un ph\u00e9nom\u00e8ne tr\u00e8s pr\u00e9sent au niveau de la police et de l\u2019administration. L\u2019impunit\u00e9 r\u00e8gne : les poursuites pour crimes et agressions racistes sont tr\u00e8s rares. \u00bb<\/p>\n<p><em><a href=\"https:\/\/www.la-croix.com\/Monde\/En-Russie-projet-afro-villages-passe-mal-2023-08-30-1201280700?utm_content=1201280700&amp;utm_medium=email&amp;utm_source=ambassador&amp;st=b300264a\">Read more (in French)<\/a><\/em><\/p>\n","protected":false},"excerpt":{"rendered":"<p>LaCroix: &#8230;Les pr\u00e9jug\u00e9s racistes \u00e0 l\u2019\u00e9gard des Africains, mais \u00e9galement des habitants du Caucase et des anciennes r\u00e9publiques sovi\u00e9tiques d\u2019Asie centrale, ont en effet \u00e9t\u00e9 point\u00e9s \u00e0 de nombreuses reprises par les \u00e9tudes. Les sondages du centre Levada montrent qu\u2019une&#8230;<\/p>\n","protected":false},"author":3,"featured_media":32669,"comment_status":"closed","ping_status":"closed","sticky":false,"template":"","format":"standard","meta":{"_acf_changed":false,"footnotes":""},"categories":[636],"tags":[213,183],"strategy_cases":[],"campaign":[],"archive":[],"filter-content":[],"regions":[515],"class_list":["post-32668","post","type-post","status-publish","format-standard","has-post-thumbnail","hentry","category-media-about-us","tag-discrimination-en","tag-xenophobia","regions-russia"],"acf":[],"aioseo_notices":[],"featured_image_urls_v2":{"full":["https:\/\/adcmemorial.org\/wp-content\/uploads\/screenshot-2023-09-01-at-11-05-20-en-russie-le-projet-des-afro-villages-passe-mal.pdf.png",867,401,false],"thumbnail":["https:\/\/adcmemorial.org\/wp-content\/uploads\/screenshot-2023-09-01-at-11-05-20-en-russie-le-projet-des-afro-villages-passe-mal.pdf-125x125.png",125,125,true],"medium":["https:\/\/adcmemorial.org\/wp-content\/uploads\/screenshot-2023-09-01-at-11-05-20-en-russie-le-projet-des-afro-villages-passe-mal.pdf-300x139.png",300,139,true],"medium_large":["https:\/\/adcmemorial.org\/wp-content\/uploads\/screenshot-2023-09-01-at-11-05-20-en-russie-le-projet-des-afro-villages-passe-mal.pdf-768x355.png",640,296,true],"large":["https:\/\/adcmemorial.org\/wp-content\/uploads\/screenshot-2023-09-01-at-11-05-20-en-russie-le-projet-des-afro-villages-passe-mal.pdf-650x301.png",640,296,true],"1536x1536":["https:\/\/adcmemorial.org\/wp-content\/uploads\/screenshot-2023-09-01-at-11-05-20-en-russie-le-projet-des-afro-villages-passe-mal.pdf.png",867,401,false],"2048x2048":["https:\/\/adcmemorial.org\/wp-content\/uploads\/screenshot-2023-09-01-at-11-05-20-en-russie-le-projet-des-afro-villages-passe-mal.pdf.png",867,401,false],"pub-thumb":["https:\/\/adcmemorial.org\/wp-content\/uploads\/screenshot-2023-09-01-at-11-05-20-en-russie-le-projet-des-afro-villages-passe-mal.pdf-220x102.png",220,102,true],"post-thumb":["https:\/\/adcmemorial.org\/wp-content\/uploads\/screenshot-2023-09-01-at-11-05-20-en-russie-le-projet-des-afro-villages-passe-mal.pdf-170x170.png",170,170,true],"wcicon":["https:\/\/adcmemorial.org\/wp-content\/uploads\/screenshot-2023-09-01-at-11-05-20-en-russie-le-projet-des-afro-villages-passe-mal.pdf.png",48,22,false],"wcsquare":["https:\/\/adcmemorial.org\/wp-content\/uploads\/screenshot-2023-09-01-at-11-05-20-en-russie-le-projet-des-afro-villages-passe-mal.pdf.png",300,139,false],"wcsmall":["https:\/\/adcmemorial.org\/wp-content\/uploads\/screenshot-2023-09-01-at-11-05-20-en-russie-le-projet-des-afro-villages-passe-mal.pdf.png",250,116,false],"wcstandard":["https:\/\/adcmemorial.org\/wp-content\/uploads\/screenshot-2023-09-01-at-11-05-20-en-russie-le-projet-des-afro-villages-passe-mal.pdf.png",550,254,false],"wcbig":["https:\/\/adcmemorial.org\/wp-content\/uploads\/screenshot-2023-09-01-at-11-05-20-en-russie-le-projet-des-afro-villages-passe-mal.pdf.png",800,370,false],"wcfixedheightsmall":["https:\/\/adcmemorial.org\/wp-content\/uploads\/screenshot-2023-09-01-at-11-05-20-en-russie-le-projet-des-afro-villages-passe-mal.pdf.png",389,180,false],"wcfixedheightmedium":["https:\/\/adcmemorial.org\/wp-content\/uploads\/screenshot-2023-09-01-at-11-05-20-en-russie-le-projet-des-afro-villages-passe-mal.pdf.png",649,300,false],"wcfixedheight":["https:\/\/adcmemorial.org\/wp-content\/uploads\/screenshot-2023-09-01-at-11-05-20-en-russie-le-projet-des-afro-villages-passe-mal.pdf.png",867,401,false],"wccarouselsmall":["https:\/\/adcmemorial.org\/wp-content\/uploads\/screenshot-2023-09-01-at-11-05-20-en-russie-le-projet-des-afro-villages-passe-mal.pdf.png",210,97,false],"wccarousel":["https:\/\/adcmemorial.org\/wp-content\/uploads\/screenshot-2023-09-01-at-11-05-20-en-russie-le-projet-des-afro-villages-passe-mal.pdf.png",400,185,false],"wcslider":["https:\/\/adcmemorial.org\/wp-content\/uploads\/screenshot-2023-09-01-at-11-05-20-en-russie-le-projet-des-afro-villages-passe-mal.pdf.png",867,401,false]},"post_excerpt_stackable_v2":"<p>LaCroix: &#8230;Les pr\u00e9jug\u00e9s racistes \u00e0 l\u2019\u00e9gard des Africains, mais \u00e9galement des habitants du Caucase et des anciennes r\u00e9publiques sovi\u00e9tiques d\u2019Asie centrale, ont en effet \u00e9t\u00e9 point\u00e9s \u00e0 de nombreuses reprises par les \u00e9tudes. Les sondages du centre Levada montrent qu\u2019une forte majorit\u00e9 de Russes se disent tr\u00e8s hostiles \u00e0 vivre, travailler ou se marier avec des \u00e9trangers d\u2019origine africaine, rom ou asiatique&#8230; \u00ab On peut parler de racisme syst\u00e9mique, observe Stephania Koulaeva, responsable du Centre anti-discrimination chez Memorial. C\u2019est un ph\u00e9nom\u00e8ne tr\u00e8s pr\u00e9sent au niveau de la police et de l\u2019administration. L\u2019impunit\u00e9 r\u00e8gne : les poursuites pour crimes et agressions&hellip;<\/p>\n","category_list_v2":"<a href=\"https:\/\/adcmemorial.org\/en\/category\/news\/publications-about-us\/media-about-us\/\" rel=\"category tag\">Media about us<\/a>","author_info_v2":{"name":"admin3","url":"https:\/\/adcmemorial.org\/en\/author\/admin3\/"},"comments_num_v2":"0 comments","amp_enabled":true,"_links":{"self":[{"href":"https:\/\/adcmemorial.org\/en\/wp-json\/wp\/v2\/posts\/32668","targetHints":{"allow":["GET"]}}],"collection":[{"href":"https:\/\/adcmemorial.org\/en\/wp-json\/wp\/v2\/posts"}],"about":[{"href":"https:\/\/adcmemorial.org\/en\/wp-json\/wp\/v2\/types\/post"}],"author":[{"embeddable":true,"href":"https:\/\/adcmemorial.org\/en\/wp-json\/wp\/v2\/users\/3"}],"replies":[{"embeddable":true,"href":"https:\/\/adcmemorial.org\/en\/wp-json\/wp\/v2\/comments?post=32668"}],"version-history":[{"count":1,"href":"https:\/\/adcmemorial.org\/en\/wp-json\/wp\/v2\/posts\/32668\/revisions"}],"predecessor-version":[{"id":32672,"href":"https:\/\/adcmemorial.org\/en\/wp-json\/wp\/v2\/posts\/32668\/revisions\/32672"}],"wp:featuredmedia":[{"embeddable":true,"href":"https:\/\/adcmemorial.org\/en\/wp-json\/wp\/v2\/media\/32669"}],"wp:attachment":[{"href":"https:\/\/adcmemorial.org\/en\/wp-json\/wp\/v2\/media?parent=32668"}],"wp:term":[{"taxonomy":"category","embeddable":true,"href":"https:\/\/adcmemorial.org\/en\/wp-json\/wp\/v2\/categories?post=32668"},{"taxonomy":"post_tag","embeddable":true,"href":"https:\/\/adcmemorial.org\/en\/wp-json\/wp\/v2\/tags?post=32668"},{"taxonomy":"strategy_cases","embeddable":true,"href":"https:\/\/adcmemorial.org\/en\/wp-json\/wp\/v2\/strategy_cases?post=32668"},{"taxonomy":"campaign","embeddable":true,"href":"https:\/\/adcmemorial.org\/en\/wp-json\/wp\/v2\/campaign?post=32668"},{"taxonomy":"archive","embeddable":true,"href":"https:\/\/adcmemorial.org\/en\/wp-json\/wp\/v2\/archive?post=32668"},{"taxonomy":"filter-content","embeddable":true,"href":"https:\/\/adcmemorial.org\/en\/wp-json\/wp\/v2\/filter-content?post=32668"},{"taxonomy":"regions","embeddable":true,"href":"https:\/\/adcmemorial.org\/en\/wp-json\/wp\/v2\/regions?post=32668"}],"curies":[{"name":"wp","href":"https:\/\/api.w.org\/{rel}","templated":true}]}}