{"id":34196,"date":"2024-04-01T12:45:25","date_gmt":"2024-04-01T09:45:25","guid":{"rendered":"https:\/\/adcmemorial.org\/?p=34196"},"modified":"2024-04-17T12:56:39","modified_gmt":"2024-04-17T09:56:39","slug":"el-pais-el-atentado-de-moscu-exacerba-la-persecucion-de-las-autoridades-rusas-a-los-inmigrantes","status":"publish","type":"post","link":"https:\/\/adcmemorial.org\/en\/news\/publications-about-us\/media-about-us\/el-pais-el-atentado-de-moscu-exacerba-la-persecucion-de-las-autoridades-rusas-a-los-inmigrantes\/","title":{"rendered":"EL PA\u00cdS: El atentado de Mosc\u00fa exacerba la persecuci\u00f3n de las autoridades rusas a los inmigrantes"},"content":{"rendered":"<p>EL PA\u00cdS: <a href=\"https:\/\/elpais.com\/internacional\/2024-03-31\/el-atentado-de-moscu-exacerba-la-persecucion-de-las-autoridades-rusas-a-los-inmigrantes.html#\">El atentado de Mosc\u00fa exacerba la persecuci\u00f3n de las autoridades rusas a los inmigrantes<\/a><\/p>\n<p><strong>Pese a necesitar trabajadores, algunas regiones proh\u00edben a los extranjeros emplearse en comercios o llevar taxis. Cada d\u00eda se producen redadas en mercados y empresas en busca de inmigrantes nacionalizados rusos que puedan ser reclutados<\/strong><\/p>\n<p>Los clientes rusos, sin embargo, se contaban el viernes con los dedos de la mano.<\/p>\n<blockquote><p>&#8220;S\u00ed, se est\u00e1 produciendo un grave aumento de la xenofobia&#8221;, denuncia Stefania Kulayeva, experta del Centro contra la Discriminaci\u00f3n Memorial. &#8220;Ha habido una oleada de controles [de los inmigrantes] desde 2023, pero despu\u00e9s de los acontecimientos del Crocus hay m\u00e1s todav\u00eda. No creo que esta medida dure unos d\u00edas, continuar\u00e1 y se intensificar\u00e1&#8221;, pronostica la activista, que ve un indicio de esta mano dura en <u><a id=\"v1OWA7f9dabae-fe1e-dbc9-f20a-36467aa005b9\" class=\"v1OWAAutoLink\" href=\"https:\/\/12ft.io\/proxy?q=https%3A%2F%2Felpais.com%2Finternacional%2F2024-03-25%2Flos-cuatro-sospechosos-de-la-masacre-de-moscu-comparecen-ante-el-juez-con-signos-de-violencia.html\" target=\"_blank\" rel=\"noreferrer nofollow noopener\">la violencia empleada por las autoridades contra los sospechosos<\/a><\/u>\u00a0detenidos tras el atentado, que caus\u00f3 144 muertos, y en proclamas racistas.<\/p>\n<p class=\"v1elementToProof\">&#8220;Se nota especialmente en la actividad de los canales de Telegram rusos que ya eran xen\u00f3fobos y en otros medios de extrema derecha nacionalistas&#8221;, se\u00f1ala Kulayeva. &#8220;La situaci\u00f3n de los migrantes es muy dif\u00edcil desde el comienzo de la guerra. Conversan sobre el peligro que afrontan, la gente est\u00e1 pensando abandonar Rusia, pero muchos no pueden hacerlo por motivos econ\u00f3micos&#8221;.<\/p>\n<\/blockquote>\n<p>EL PA\u00cdS: <a href=\"https:\/\/elpais.com\/internacional\/2024-03-31\/el-atentado-de-moscu-exacerba-la-persecucion-de-las-autoridades-rusas-a-los-inmigrantes.html#\">El atentado de Mosc\u00fa exacerba la persecuci\u00f3n de las autoridades rusas a los inmigrantes<\/a><\/p>\n<p>&nbsp;<\/p>\n<p>&nbsp;<\/p>\n","protected":false},"excerpt":{"rendered":"<p>EL PA\u00cdS: El atentado de Mosc\u00fa exacerba la persecuci\u00f3n de las autoridades rusas a los inmigrantes Pese a necesitar trabajadores, algunas regiones proh\u00edben a los extranjeros emplearse en comercios o llevar taxis. Cada d\u00eda se producen redadas en mercados y&#8230;<\/p>\n","protected":false},"author":3,"featured_media":34197,"comment_status":"closed","ping_status":"closed","sticky":false,"template":"","format":"standard","meta":{"_acf_changed":false,"footnotes":""},"categories":[636],"tags":[213,179],"strategy_cases":[],"campaign":[],"archive":[],"filter-content":[],"regions":[515],"class_list":["post-34196","post","type-post","status-publish","format-standard","has-post-thumbnail","hentry","category-media-about-us","tag-discrimination-en","tag-migrant-rights-en","regions-russia"],"acf":[],"aioseo_notices":[],"featured_image_urls_v2":{"full":["https:\/\/adcmemorial.org\/wp-content\/uploads\/screenshot-2024-04-17-at-11-51-54-atentado-moscu-22-m-2024-en-el-pais-e1713347786656.png",741,351,false],"thumbnail":["https:\/\/adcmemorial.org\/wp-content\/uploads\/screenshot-2024-04-17-at-11-51-54-atentado-moscu-22-m-2024-en-el-pais-e1713347786656-125x125.png",125,125,true],"medium":["https:\/\/adcmemorial.org\/wp-content\/uploads\/screenshot-2024-04-17-at-11-51-54-atentado-moscu-22-m-2024-en-el-pais-e1713347786656-300x142.png",300,142,true],"medium_large":["https:\/\/adcmemorial.org\/wp-content\/uploads\/screenshot-2024-04-17-at-11-51-54-atentado-moscu-22-m-2024-en-el-pais-e1713347786656.png",640,303,false],"large":["https:\/\/adcmemorial.org\/wp-content\/uploads\/screenshot-2024-04-17-at-11-51-54-atentado-moscu-22-m-2024-en-el-pais-e1713347786656-650x308.png",640,303,true],"1536x1536":["https:\/\/adcmemorial.org\/wp-content\/uploads\/screenshot-2024-04-17-at-11-51-54-atentado-moscu-22-m-2024-en-el-pais-e1713347786656.png",741,351,false],"2048x2048":["https:\/\/adcmemorial.org\/wp-content\/uploads\/screenshot-2024-04-17-at-11-51-54-atentado-moscu-22-m-2024-en-el-pais-e1713347786656.png",741,351,false],"pub-thumb":["https:\/\/adcmemorial.org\/wp-content\/uploads\/screenshot-2024-04-17-at-11-51-54-atentado-moscu-22-m-2024-en-el-pais-e1713347786656-220x104.png",220,104,true],"post-thumb":["https:\/\/adcmemorial.org\/wp-content\/uploads\/screenshot-2024-04-17-at-11-51-54-atentado-moscu-22-m-2024-en-el-pais-e1713347786656-170x170.png",170,170,true],"wcicon":["https:\/\/adcmemorial.org\/wp-content\/uploads\/screenshot-2024-04-17-at-11-51-54-atentado-moscu-22-m-2024-en-el-pais-e1713347786656.png",48,23,false],"wcsquare":["https:\/\/adcmemorial.org\/wp-content\/uploads\/screenshot-2024-04-17-at-11-51-54-atentado-moscu-22-m-2024-en-el-pais-e1713347786656.png",300,142,false],"wcsmall":["https:\/\/adcmemorial.org\/wp-content\/uploads\/screenshot-2024-04-17-at-11-51-54-atentado-moscu-22-m-2024-en-el-pais-e1713347786656.png",250,118,false],"wcstandard":["https:\/\/adcmemorial.org\/wp-content\/uploads\/screenshot-2024-04-17-at-11-51-54-atentado-moscu-22-m-2024-en-el-pais-e1713347786656.png",550,261,false],"wcbig":["https:\/\/adcmemorial.org\/wp-content\/uploads\/screenshot-2024-04-17-at-11-51-54-atentado-moscu-22-m-2024-en-el-pais-e1713347786656.png",741,351,false],"wcfixedheightsmall":["https:\/\/adcmemorial.org\/wp-content\/uploads\/screenshot-2024-04-17-at-11-51-54-atentado-moscu-22-m-2024-en-el-pais-e1713347786656.png",380,180,false],"wcfixedheightmedium":["https:\/\/adcmemorial.org\/wp-content\/uploads\/screenshot-2024-04-17-at-11-51-54-atentado-moscu-22-m-2024-en-el-pais-e1713347786656.png",633,300,false],"wcfixedheight":["https:\/\/adcmemorial.org\/wp-content\/uploads\/screenshot-2024-04-17-at-11-51-54-atentado-moscu-22-m-2024-en-el-pais-e1713347786656.png",741,351,false],"wccarouselsmall":["https:\/\/adcmemorial.org\/wp-content\/uploads\/screenshot-2024-04-17-at-11-51-54-atentado-moscu-22-m-2024-en-el-pais-e1713347786656.png",210,99,false],"wccarousel":["https:\/\/adcmemorial.org\/wp-content\/uploads\/screenshot-2024-04-17-at-11-51-54-atentado-moscu-22-m-2024-en-el-pais-e1713347786656.png",400,189,false],"wcslider":["https:\/\/adcmemorial.org\/wp-content\/uploads\/screenshot-2024-04-17-at-11-51-54-atentado-moscu-22-m-2024-en-el-pais-e1713347786656.png",741,351,false]},"post_excerpt_stackable_v2":"<p>EL PA\u00cdS: El atentado de Mosc\u00fa exacerba la persecuci\u00f3n de las autoridades rusas a los inmigrantes Pese a necesitar trabajadores, algunas regiones proh\u00edben a los extranjeros emplearse en comercios o llevar taxis. Cada d\u00eda se producen redadas en mercados y empresas en busca de inmigrantes nacionalizados rusos que puedan ser reclutados Los clientes rusos, sin embargo, se contaban el viernes con los dedos de la mano. &#8220;S\u00ed, se est\u00e1 produciendo un grave aumento de la xenofobia&#8221;, denuncia Stefania Kulayeva, experta del Centro contra la Discriminaci\u00f3n Memorial. &#8220;Ha habido una oleada de controles [de los inmigrantes] desde 2023, pero despu\u00e9s de&hellip;<\/p>\n","category_list_v2":"<a href=\"https:\/\/adcmemorial.org\/en\/category\/news\/publications-about-us\/media-about-us\/\" rel=\"category tag\">Media about us<\/a>","author_info_v2":{"name":"admin3","url":"https:\/\/adcmemorial.org\/en\/author\/admin3\/"},"comments_num_v2":"0 comments","amp_enabled":true,"_links":{"self":[{"href":"https:\/\/adcmemorial.org\/en\/wp-json\/wp\/v2\/posts\/34196","targetHints":{"allow":["GET"]}}],"collection":[{"href":"https:\/\/adcmemorial.org\/en\/wp-json\/wp\/v2\/posts"}],"about":[{"href":"https:\/\/adcmemorial.org\/en\/wp-json\/wp\/v2\/types\/post"}],"author":[{"embeddable":true,"href":"https:\/\/adcmemorial.org\/en\/wp-json\/wp\/v2\/users\/3"}],"replies":[{"embeddable":true,"href":"https:\/\/adcmemorial.org\/en\/wp-json\/wp\/v2\/comments?post=34196"}],"version-history":[{"count":1,"href":"https:\/\/adcmemorial.org\/en\/wp-json\/wp\/v2\/posts\/34196\/revisions"}],"predecessor-version":[{"id":34200,"href":"https:\/\/adcmemorial.org\/en\/wp-json\/wp\/v2\/posts\/34196\/revisions\/34200"}],"wp:featuredmedia":[{"embeddable":true,"href":"https:\/\/adcmemorial.org\/en\/wp-json\/wp\/v2\/media\/34197"}],"wp:attachment":[{"href":"https:\/\/adcmemorial.org\/en\/wp-json\/wp\/v2\/media?parent=34196"}],"wp:term":[{"taxonomy":"category","embeddable":true,"href":"https:\/\/adcmemorial.org\/en\/wp-json\/wp\/v2\/categories?post=34196"},{"taxonomy":"post_tag","embeddable":true,"href":"https:\/\/adcmemorial.org\/en\/wp-json\/wp\/v2\/tags?post=34196"},{"taxonomy":"strategy_cases","embeddable":true,"href":"https:\/\/adcmemorial.org\/en\/wp-json\/wp\/v2\/strategy_cases?post=34196"},{"taxonomy":"campaign","embeddable":true,"href":"https:\/\/adcmemorial.org\/en\/wp-json\/wp\/v2\/campaign?post=34196"},{"taxonomy":"archive","embeddable":true,"href":"https:\/\/adcmemorial.org\/en\/wp-json\/wp\/v2\/archive?post=34196"},{"taxonomy":"filter-content","embeddable":true,"href":"https:\/\/adcmemorial.org\/en\/wp-json\/wp\/v2\/filter-content?post=34196"},{"taxonomy":"regions","embeddable":true,"href":"https:\/\/adcmemorial.org\/en\/wp-json\/wp\/v2\/regions?post=34196"}],"curies":[{"name":"wp","href":"https:\/\/api.w.org\/{rel}","templated":true}]}}