{"id":34608,"date":"2024-07-11T11:28:21","date_gmt":"2024-07-11T08:28:21","guid":{"rendered":"https:\/\/adcmemorial.org\/?p=34608"},"modified":"2024-07-12T12:07:56","modified_gmt":"2024-07-12T09:07:56","slug":"joint-statement-calling-on-incoming-eu-leadership-to-prioritise-equality-and-non-discrimination","status":"publish","type":"post","link":"https:\/\/adcmemorial.org\/en\/news\/joint-statement-calling-on-incoming-eu-leadership-to-prioritise-equality-and-non-discrimination\/","title":{"rendered":"Paving the Way for an Equality-Centred Policy Cycle"},"content":{"rendered":"<p><em>Brussels, 11 July 2024<\/em><\/p>\n<p>The European Union was founded on the principles of equality and non-discrimination. Yet too many people continue to face discrimination and inequality across the Union, including intersectional and multiple forms of discrimination in all aspects of their lives<sup class=\"modern-footnotes-footnote \" data-mfn=\"1\" data-mfn-post-scope=\"00000000000013970000000000000000_34608\"><a href=\"javascript:void(0)\"  role=\"button\" aria-pressed=\"false\" aria-describedby=\"mfn-content-00000000000013970000000000000000_34608-1\">1<\/a><\/sup><span id=\"mfn-content-00000000000013970000000000000000_34608-1\" role=\"tooltip\" class=\"modern-footnotes-footnote__note\" tabindex=\"0\" data-mfn=\"1\">Throughout the text, \u201cequality and non-discrimination\u201d is to be understood as encompassing equality and non-discrimination in the enjoyment of the full range of human rights, including all civil, political, economic, social and cultural rights.<\/span>. In the current climate, it is now imperative that the EU institutions strengthen their resolve to take meaningful and urgent action to address this reality.<\/p>\n<p>As European Union leaders decide on their priorities for the 2024-2029 cycle, we call on them to ensure that equality and non-discrimination are included as central priorities in the EU work programme for the next five years. Only by centring equality and protection from discrimination in this way can the EU truly respond to the key concerns of people living in the Union.<\/p>\n<p>The equality and non-discrimination agenda was afforded increased visibility and action during the last five years as a result of the ambitious \u201cUnion of Equality\u201d agenda and the appointment of the first Commissioner for Equality. This led to unprecedented progress in efforts to advance equality and non-discrimination across EU policy making. Progress included the adoption of important initiatives such as the Directive on violence against women, inaugural Gender Equality and LGBTIQ Equality Strategies, an Anti-Racism Action Plan, a Green Paper on Ageing, an Action Plan on Integration and Inclusion, a Strategy to strengthen the application of the Charter of Fundamental Rights in the EU, as well as the renewal of the Strategy for the Rights of Persons with Disabilities and the EU Roma strategic framework.<\/p>\n<p>At this critical juncture, it is vital that the EU continue to prioritize efforts to guarantee the founding values of equality and non-discrimination, to advance the entire package which comprises the Union of Equality, and to ensure an intersectional approach to this agenda. Failure to do so would seriously jeopardise progress in this area and mark a very dangerous step backward.<\/p>\n<p>To this end we call on EU leadership to take the following steps:<\/p>\n<ul>\n<li>Appoint a Commissioner for Equality and Fundamental Rights, ensuring the mandate has the power to renew and deepen the Union of Equality agenda and nominating a candidate with a demonstrated commitment to equality;<\/li>\n<li>Strengthen the Union of Equality agenda by introducing new strategies to address grounds not already covered, mainstreaming all strategies across policy areas and renewing and building-out existing equality strategies, such as the Gender Equality Strategy, LGBTIQ Equality Strategy, the EU Anti-Racism Action Plan, the Action Plan on Integration and Inclusion, the EU Strategy on the rights of persons with disabilities and the Roma strategic framework;<\/li>\n<li>Ensure the next EU budget includes robust funding streams for civil society organisations working on equality and non-discrimination;<\/li>\n<li>Ensure equality and non-discrimination objectives are also core components of EU priorities in the sphere of international cooperation, external and humanitarian action;<\/li>\n<li>Maintain the current status of the Parliament\u2019s Committee on Women\u2019s Rights and Gender Equality and refrain from weakening its mandate;<\/li>\n<li>Establish a Council configuration dedicated to equality in the EU and ensure concrete commitments towards implementation of equality strategies by member states;<\/li>\n<li>Establish a new Directorate-General for Equality and Fundamental Rights thereby strengthening the Commission\u2019s ability to design and monitor equality and non-discrimination laws and policies;<\/li>\n<li>Renew and upgrade the mandates of the Commission Coordinators working on equality, ensuring a focus on intersectionality during this term;<\/li>\n<li>Entrust the Commission Task Force on Equality with a strong mandate and ensure it works transparently and in close consultation and cooperation with civil society organizations and networks.<\/li>\n<\/ul>\n<div class=\"wp-block-spacer\" aria-hidden=\"true\"><\/div>\n<p>As 143 civil society organisations with significant expertise on equality, and as representatives of groups at increased risk of discrimination across the EU, we issue this call as a testament to our solidarity with each other, and urge EU leaders to ensure that the people most affected by EU policies and legislation on equality and non-discrimination are always involved in their development and implementation.<\/p>\n<ol>\n<li>A Scuola Per Conoscerci, Italy<\/li>\n<li>ACCEPT LGBTI Cyprus<\/li>\n<li class=\"docx_paragraphedeliste docx-num-5-0\">ACCEPT Romania<\/li>\n<li class=\"docx_paragraphedeliste docx-num-5-0\">ACT Alliance EU<\/li>\n<li class=\"docx_paragraphedeliste docx-num-5-0\">AESCO (Am\u00e9rica, Espa\u00f1a, Solidaridad y Cooperaci\u00f3n)<\/li>\n<li class=\"docx_paragraphedeliste docx-num-5-0\">Agapanto, Italy<\/li>\n<li class=\"docx_paragraphedeliste docx-num-5-0\">AGE Platform Europe<\/li>\n<li class=\"docx_paragraphedeliste docx-num-5-0\">Agedo Nazionale, Italy<\/li>\n<li class=\"docx_paragraphedeliste docx-num-5-0\">Aidos (Italian Association for Women in Development)<\/li>\n<li class=\"docx_paragraphedeliste docx-num-5-0\"><span lang=\"it-IT\">ALFI &#8211; Associazione Lesbica Femminista Italiana, <\/span><span lang=\"it-IT\">Italy<\/span><\/li>\n<li class=\"docx_paragraphedeliste docx-num-5-0\">AlfiLune, Italy<\/li>\n<li class=\"docx_paragraphedeliste docx-num-5-0\">Amnesty International<\/li>\n<li class=\"docx_paragraphedeliste docx-num-5-0\">Amref Health Africa &#8211; Italy<\/li>\n<li class=\"docx_paragraphedeliste docx-num-5-0\">Anemos Dimiourgias &#8211; Greece<\/li>\n<li class=\"docx_paragraphedeliste docx-num-5-0\">ANTAMA (Greece)<\/li>\n<li class=\"docx_paragraphedeliste docx-num-5-0\">Anti-Discrimination Centre Memorial Brussels<\/li>\n<li class=\"docx_paragraphedeliste docx-num-5-0\"><span lang=\"fr-FR\">APRe<\/span><span lang=\"fr-FR\">! <\/span><span lang=\"fr-FR\">Associa\u00e7\u00e3o<\/span><span lang=\"fr-FR\"> de <\/span><span lang=\"fr-FR\">Aposentados<\/span><span lang=\"fr-FR\">, <\/span><span lang=\"fr-FR\">Pensionistas<\/span><span lang=\"fr-FR\"> e <\/span><span lang=\"fr-FR\">Reformados<\/span><span lang=\"fr-FR\"> (Portugal)<\/span><\/li>\n<li class=\"docx_paragraphedeliste docx-num-5-0\">ARCIGAY LGBTQIA+ Association, Italy<\/li>\n<li class=\"docx_paragraphedeliste docx-num-5-0\">ASKV Refugee Support<\/li>\n<li class=\"docx_paragraphedeliste docx-num-5-0\">Asociaci\u00f3n de Investigaci\u00f3n y Especializaci\u00f3n sobre Temas Iberoamericanos &#8211; AIETI (Spain)<\/li>\n<li class=\"docx_paragraphedeliste docx-num-5-0\">Asociaci\u00f3n Por Ti Mujer<\/li>\n<li class=\"docx_paragraphedeliste docx-num-5-0\">Association Bagdam Espace Lesbian &#8211; France<\/li>\n<li class=\"docx_paragraphedeliste docx-num-5-0\">Association Legebitra, Slovenia<\/li>\n<li class=\"docx_paragraphedeliste docx-num-5-0\">Association\u00a0Libellula ITALIA APS, Italy<\/li>\n<li class=\"docx_paragraphedeliste docx-num-5-0\">Association Liberas &#8211; Italy<\/li>\n<li class=\"docx_paragraphedeliste docx-num-5-0\">Association for Monitoring Equal Rights \/ E\u015fit Haklar \u0130\u00e7in \u0130zleme Derne\u011fi (Turkey)<\/li>\n<li class=\"docx_paragraphedeliste docx-num-5-0\">ASTRA Network<\/li>\n<li class=\"docx_paragraphedeliste docx-num-5-0\">ATDAL Over 40 (Italy)<\/li>\n<li class=\"docx_paragraphedeliste docx-num-5-0\">Austrian Disability Council<\/li>\n<li class=\"docx_paragraphedeliste docx-num-5-0\">Austrian Family Planning Association (OGF)<\/li>\n<li class=\"docx_paragraphedeliste docx-num-5-0\">Autism-Europe<\/li>\n<li class=\"docx_paragraphedeliste docx-num-5-0\">Avaaz<\/li>\n<li class=\"docx_paragraphedeliste docx-num-5-0\">Avocats Sans Fronti\u00e8res<\/li>\n<li class=\"docx_paragraphedeliste docx-num-5-0\"><span lang=\"null\">Belgian Disability Forum<\/span><span lang=\"null\"> (BDF)<\/span><\/li>\n<li class=\"docx_paragraphedeliste docx-num-5-0\">Brain Injured and families European Federation (BIF)<\/li>\n<li class=\"docx_paragraphedeliste docx-num-5-0\">\u00e7avaria, Belgium<\/li>\n<li class=\"docx_paragraphedeliste docx-num-5-0\"><span lang=\"null\">Center for Gender Rights and Equality DIOTIMA<\/span><\/li>\n<li class=\"docx_paragraphedeliste docx-num-5-0\">Center for Reproductive Rights<\/li>\n<li class=\"docx_paragraphedeliste docx-num-5-0\">Certi Diritti, Italy<\/li>\n<li class=\"docx_paragraphedeliste docx-num-5-0\"><span lang=\"it-IT\">Circolo di Cultura Omosessuale &#8221; Mario Mieli&#8221;, <\/span><span lang=\"it-IT\">Italy<\/span><\/li>\n<li class=\"docx_paragraphedeliste docx-num-5-0\">Civil Rights Defenders<\/li>\n<li class=\"docx_paragraphedeliste docx-num-5-0\">COC Nederland<\/li>\n<li class=\"docx_paragraphedeliste docx-num-5-0\">Cologne Counselling &#8211; Germany<\/li>\n<li class=\"docx_paragraphedeliste docx-num-5-0\"><span lang=\"fr-FR\">Confederaci\u00f3n<\/span> <span lang=\"fr-FR\">Sindical<\/span><span lang=\"fr-FR\"> de <\/span><span lang=\"fr-FR\">Comisiones<\/span> <span lang=\"fr-FR\">Obreras<\/span><span lang=\"fr-FR\">\u00a0(CCOO)<\/span><\/li>\n<li class=\"docx_paragraphedeliste docx-num-5-0\"><span lang=\"de-DE\">Dachverband Lesben und Alter e.V. &#8211; Germany<\/span><\/li>\n<li class=\"docx_paragraphedeliste docx-num-5-0\">Danish Family Planning Association<\/li>\n<li class=\"docx_paragraphedeliste docx-num-5-0\">Deutscher Behindertenrat (DBR)<\/li>\n<li class=\"docx_paragraphedeliste docx-num-5-0\">Disabled Peoples&#8217; International European Region (DPI Europe)<\/li>\n<li class=\"docx_paragraphedeliste docx-num-5-0\">Doctors of the World Spain<\/li>\n<li class=\"docx_paragraphedeliste docx-num-5-0\">EDGE, Italy<\/li>\n<li class=\"docx_paragraphedeliste docx-num-5-0\">EMAIZE Sexologia Zentroa &#8211; Centro Sexol\u00f3gico<\/li>\n<li class=\"docx_paragraphedeliste docx-num-5-0\">End FGM EU<\/li>\n<li class=\"docx_paragraphedeliste docx-num-5-0\">Epen, El Parto es Nuestro<\/li>\n<li class=\"docx_paragraphedeliste docx-num-5-0\">EuroCentralAsian Lesbian* Community (EL*C)<\/li>\n<li class=\"docx_paragraphedeliste docx-num-5-0\">European Blind Union (EBU)<\/li>\n<li class=\"docx_paragraphedeliste docx-num-5-0\">European Disability Forum<\/li>\n<li class=\"docx_paragraphedeliste docx-num-5-0\">European Dyslexia Association<\/li>\n<li class=\"docx_paragraphedeliste docx-num-5-0\">European Federation of Hard of Hearing People<\/li>\n<li class=\"docx_paragraphedeliste docx-num-5-0\">European Network Against Racism (ENAR)<\/li>\n<li class=\"docx_paragraphedeliste docx-num-5-0\">European Roma Grassroots Organisations Network (ERGO Network)<\/li>\n<li class=\"docx_paragraphedeliste docx-num-5-0\">European Sex Workers&#8217; Rights Alliance (ESWA)<\/li>\n<li class=\"docx_paragraphedeliste docx-num-5-0\">European Women\u2019s Lobby<\/li>\n<li class=\"docx_paragraphedeliste docx-num-5-0\">Famiglie Arcobaleno APS, Italy<\/li>\n<li class=\"docx_paragraphedeliste docx-num-5-0\">Federaci\u00f3n de Mujeres Progresistas<\/li>\n<li class=\"docx_paragraphedeliste docx-num-5-0\"><span lang=\"fr-FR\">F\u00e9d\u00e9ration La\u00efque de Centres de Planning Familial<\/span><span lang=\"fr-FR\"> (FLCPF)<\/span><\/li>\n<li class=\"docx_paragraphedeliste docx-num-5-0\">Foundation for Women and Family Planning (FEDERA)<\/li>\n<li class=\"docx_paragraphedeliste docx-num-5-0\">French Family Planning \/ le Planning Familial<\/li>\n<li class=\"docx_paragraphedeliste docx-num-5-0\">Fundaci\u00f3n Aspacia<\/li>\n<li class=\"docx_paragraphedeliste docx-num-5-0\"><span lang=\"fr-FR\">GAMS Belgium (Groupe pour l\u2019Abolition des Mutilations Sexuelles f\u00e9minines)<\/span><\/li>\n<li class=\"docx_paragraphedeliste docx-num-5-0\"><span lang=\"it-IT\">Gaynet<\/span><span lang=\"it-IT\"> &#8211; Formazione e Comunicazione sui temi <\/span><span lang=\"it-IT\">Lgbti<\/span><span lang=\"it-IT\">, <\/span><span lang=\"it-IT\">Italy<\/span><\/li>\n<li class=\"docx_paragraphedeliste docx-num-5-0\">GenderLens, Italy<\/li>\n<li class=\"docx_paragraphedeliste docx-num-5-0\">General Commission for Justice and Peace of Spain<\/li>\n<li class=\"docx_paragraphedeliste docx-num-5-0\">GLAS Foundation, Bulgaria<\/li>\n<li class=\"docx_paragraphedeliste docx-num-5-0\">Haurralde Fundazioa<\/li>\n<li class=\"docx_paragraphedeliste docx-num-5-0\">HelpAge International<\/li>\n<li class=\"docx_paragraphedeliste docx-num-5-0\">HelpAge International Spain<\/li>\n<li class=\"docx_paragraphedeliste docx-num-5-0\">Human Rights Watch<\/li>\n<li class=\"docx_paragraphedeliste docx-num-5-0\">IGLYO<\/li>\n<li class=\"docx_paragraphedeliste docx-num-5-0\">ILGA-Europe<\/li>\n<li class=\"docx_paragraphedeliste docx-num-5-0\">Iniciat\u00edva Inakos\u0165, Slovakia<\/li>\n<li class=\"docx_paragraphedeliste docx-num-5-0\">International Commission of Jurists<\/li>\n<li class=\"docx_paragraphedeliste docx-num-5-0\">International Dalit Solidarity Network (IDSN)<\/li>\n<li class=\"docx_paragraphedeliste docx-num-5-0\">International Disability and Development Consortium (IDDC)<\/li>\n<li class=\"docx_paragraphedeliste docx-num-5-0\">International Federation for Human Rights (FIDH)<\/li>\n<li class=\"docx_paragraphedeliste docx-num-5-0\">International Federation of Persons with Physical Disabilities (FIMITIC)<\/li>\n<li class=\"docx_paragraphedeliste docx-num-5-0\">International Institute on Race, Equality and Human Rights<\/li>\n<li class=\"docx_paragraphedeliste docx-num-5-0\">International Planned Parenthood Federation European Network (IPPF EN)<\/li>\n<li class=\"docx_paragraphedeliste docx-num-5-0\">IntersexEsiste, Italy<\/li>\n<li class=\"docx_paragraphedeliste docx-num-5-0\"><span lang=\"en-IE\">Irish Family Planning Association<\/span><\/li>\n<li class=\"docx_paragraphedeliste docx-num-5-0\">Joves\u00f3lides<\/li>\n<li class=\"docx_paragraphedeliste docx-num-5-0\">Kif Kif vzw<\/li>\n<li class=\"docx_paragraphedeliste docx-num-5-0\">KISA<\/li>\n<li class=\"docx_paragraphedeliste docx-num-5-0\">Kvinna till Kvinna Foundation<\/li>\n<li class=\"docx_paragraphedeliste docx-num-5-0\"><span lang=\"es-ES\">La Coordinadora de Organizaciones para el Desarrollo (<\/span><span lang=\"es-ES\">Spain<\/span><span lang=\"es-ES\">)<\/span><\/li>\n<li class=\"docx_paragraphedeliste docx-num-5-0\">La Strada International<\/li>\n<li class=\"docx_paragraphedeliste docx-num-5-0\">Labrisz Lesbian Association &#8211; Hungary<\/li>\n<li class=\"docx_paragraphedeliste docx-num-5-0\">LesbenRing e.V. &#8211; Germany<\/li>\n<li class=\"docx_paragraphedeliste docx-num-5-0\">Lesbian Magazine and Program Organizing Association &#8211; Hungary<\/li>\n<li class=\"docx_paragraphedeliste docx-num-5-0\">Lesbian Organisation Rijeka \u2013 LORI \u2013 Croatia<\/li>\n<li class=\"docx_paragraphedeliste docx-num-5-0\">LesWorking &#8211; Spain<\/li>\n<li class=\"docx_paragraphedeliste docx-num-5-0\">LGBT komiteen &#8211; The LGBT Committee, Denmark<\/li>\n<li class=\"docx_paragraphedeliste docx-num-5-0\">Light for the World<\/li>\n<li class=\"docx_paragraphedeliste docx-num-5-0\">LSVD, the Lesbian and Gay Federation, Germany<\/li>\n<li class=\"docx_paragraphedeliste docx-num-5-0\">Malta Federation of Organisations Persons with Disability (MFOPD)<\/li>\n<li class=\"docx_paragraphedeliste docx-num-5-0\">Malta LGBTIQ Rights Movement (MGRM)<\/li>\n<li class=\"docx_paragraphedeliste docx-num-5-0\">medicusmundi<\/li>\n<li class=\"docx_paragraphedeliste docx-num-5-0\"><span lang=\"fr-FR\">Mujeres<\/span> <span lang=\"fr-FR\">J\u00f3venes<\/span><span lang=\"fr-FR\"> de la <\/span><span lang=\"fr-FR\">Regi\u00f3n<\/span><span lang=\"fr-FR\"> de Murcia: 8 de <\/span><span lang=\"fr-FR\">marzo<\/span><span lang=\"fr-FR\"> (MUJOMUR)<\/span><\/li>\n<li class=\"docx_paragraphedeliste docx-num-5-0\">Mujeres Supervivientes de Sevilla<\/li>\n<li class=\"docx_paragraphedeliste docx-num-5-0\">NET.Collect &#8211; Germany<\/li>\n<li class=\"docx_paragraphedeliste docx-num-5-0\">N\u0151k\u00e9rt Egyes\u00fclet \/ Association for Women, Hungary<\/li>\n<li class=\"docx_paragraphedeliste docx-num-5-0\">Nothern Ireland Council for Racial Equality (NICRE)<\/li>\n<li class=\"docx_paragraphedeliste docx-num-5-0\">OII Europe<\/li>\n<li class=\"docx_paragraphedeliste docx-num-5-0\">Older Women\u2019s Network<\/li>\n<li class=\"docx_paragraphedeliste docx-num-5-0\">PA.SY.D.Y. Pensioners Union (Cyprus)<\/li>\n<li class=\"docx_paragraphedeliste docx-num-5-0\">Platform for International Cooperation on Undocumented Migrants (PICUM)<\/li>\n<li class=\"docx_paragraphedeliste docx-num-5-0\">Polish Women&#8217;s Strike<\/li>\n<li class=\"docx_paragraphedeliste docx-num-5-0\">Possibile LGBTI+, Italy<\/li>\n<li class=\"docx_paragraphedeliste docx-num-5-0\"><span lang=\"fr-FR\">PRISME \u2013 F\u00e9d\u00e9ration wallonne LGBTQIA+, Belgium<\/span><\/li>\n<li class=\"docx_paragraphedeliste docx-num-5-0\">pro familiaBundesverband<\/li>\n<li class=\"docx_paragraphedeliste docx-num-5-0\">Quaker Council for European Affairs<\/li>\n<li class=\"docx_paragraphedeliste docx-num-5-0\">Queer Base &#8211; Welcome &amp; Support for LGBTIQ Refugees &#8211; Austria<\/li>\n<li class=\"docx_paragraphedeliste docx-num-5-0\">Queer Sisterhood Cluj \u2013 Romania<\/li>\n<li class=\"docx_paragraphedeliste docx-num-5-0\">Quore, Italy<\/li>\n<li class=\"docx_paragraphedeliste docx-num-5-0\">Rainbow Families Croatia<\/li>\n<li class=\"docx_paragraphedeliste docx-num-5-0\">Red de Mujeres Latinoamericanas y del Caribe \u2013 Espa\u00f1a<\/li>\n<li class=\"docx_paragraphedeliste docx-num-5-0\">Rete Genitori Rainbow, Italy<\/li>\n<li class=\"docx_paragraphedeliste docx-num-5-0\">RFSL, Sweden<\/li>\n<li class=\"docx_paragraphedeliste docx-num-5-0\">Rutgers<\/li>\n<li class=\"docx_paragraphedeliste docx-num-5-0\">Save the Children<\/li>\n<li class=\"docx_paragraphedeliste docx-num-5-0\">SB Overseas<\/li>\n<li class=\"docx_paragraphedeliste docx-num-5-0\">Sdru\u017een\u00ed pro integraci a migraci (SIMI) \/ Association for Integration and Migration<\/li>\n<li class=\"docx_paragraphedeliste docx-num-5-0\">SEDRA-Federaci\u00f3n Planificaci\u00f3n Familiar<\/li>\n<li class=\"docx_paragraphedeliste docx-num-5-0\">Sensoa<\/li>\n<li class=\"docx_paragraphedeliste docx-num-5-0\">Society for Education on Contraception and Sexuality &#8211; SECS<\/li>\n<li class=\"docx_paragraphedeliste docx-num-5-0\">SolidarityNow<\/li>\n<li class=\"docx_paragraphedeliste docx-num-5-0\">Stichting LOS, Netherlands<\/li>\n<li class=\"docx_paragraphedeliste docx-num-5-0\">Terre des Femmes<\/li>\n<li class=\"docx_paragraphedeliste docx-num-5-0\">TGEU \u2013 Transgender Europe<\/li>\n<li class=\"docx_paragraphedeliste docx-num-5-0\">Toutes des Femmes -France<\/li>\n<li class=\"docx_paragraphedeliste docx-num-5-0\">Turun Valkonauha ry, Finland<\/li>\n<li class=\"docx_paragraphedeliste docx-num-5-0\">Women Against Violence Europe &#8211; WAVE Network<\/li>\n<li class=\"docx_paragraphedeliste docx-num-5-0\">Zavod Moja mavrica \u2013 Slovenia<\/li>\n<li class=\"docx_paragraphedeliste docx-num-5-0\">Zavod Transfeministi\u010dna Iniciativa TransAkcija &#8211; Slovenia<\/li>\n<\/ol>\n<p>&nbsp;<\/p>\n<ol>\n<li>###<\/li>\n<li><strong>MEDIA CONTACT:<\/strong> Mihela Kralj, Senior Communications Manager for Europe, Center for Reproductive Rights:\u00a0<a href=\"mailto:mkralj@reprorights.org\"><strong>mkralj@reprorights.org<\/strong><\/a><\/li>\n<\/ol>\n<p><em>Photo by form <\/em><a href=\"https:\/\/pxhere.com\/en\/photo\/1084714\"><em>PxHere<\/em><\/a><\/p>\n","protected":false},"excerpt":{"rendered":"<p>Brussels, 11 July 2024 The European Union was founded on the principles of equality and non-discrimination. Yet too many people continue to face discrimination and inequality across the Union, including intersectional and multiple forms of discrimination in all aspects of&#8230;<\/p>\n","protected":false},"author":3,"featured_media":20775,"comment_status":"closed","ping_status":"closed","sticky":false,"template":"","format":"standard","meta":{"_acf_changed":false,"footnotes":""},"categories":[2],"tags":[594,207],"strategy_cases":[],"campaign":[],"archive":[],"filter-content":[],"regions":[],"class_list":["post-34608","post","type-post","status-publish","format-standard","has-post-thumbnail","hentry","category-news","tag-eu","tag-statements-en"],"acf":[],"aioseo_notices":[],"featured_image_urls_v2":{"full":["https:\/\/adcmemorial.org\/wp-content\/uploads\/sky-europe-line-mast-flag-blue-1084714-pxhere.com_.jpg",1620,1080,false],"thumbnail":["https:\/\/adcmemorial.org\/wp-content\/uploads\/sky-europe-line-mast-flag-blue-1084714-pxhere.com_-125x125.jpg",125,125,true],"medium":["https:\/\/adcmemorial.org\/wp-content\/uploads\/sky-europe-line-mast-flag-blue-1084714-pxhere.com_-300x200.jpg",300,200,true],"medium_large":["https:\/\/adcmemorial.org\/wp-content\/uploads\/sky-europe-line-mast-flag-blue-1084714-pxhere.com_-768x512.jpg",640,427,true],"large":["https:\/\/adcmemorial.org\/wp-content\/uploads\/sky-europe-line-mast-flag-blue-1084714-pxhere.com_-650x433.jpg",640,426,true],"1536x1536":["https:\/\/adcmemorial.org\/wp-content\/uploads\/sky-europe-line-mast-flag-blue-1084714-pxhere.com_-1536x1024.jpg",1536,1024,true],"2048x2048":["https:\/\/adcmemorial.org\/wp-content\/uploads\/sky-europe-line-mast-flag-blue-1084714-pxhere.com_.jpg",1620,1080,false],"pub-thumb":["https:\/\/adcmemorial.org\/wp-content\/uploads\/sky-europe-line-mast-flag-blue-1084714-pxhere.com_-220x147.jpg",220,147,true],"post-thumb":["https:\/\/adcmemorial.org\/wp-content\/uploads\/sky-europe-line-mast-flag-blue-1084714-pxhere.com_-170x170.jpg",170,170,true],"wcicon":["https:\/\/adcmemorial.org\/wp-content\/uploads\/sky-europe-line-mast-flag-blue-1084714-pxhere.com_-48x48.jpg",48,48,true],"wcsquare":["https:\/\/adcmemorial.org\/wp-content\/uploads\/sky-europe-line-mast-flag-blue-1084714-pxhere.com_-300x300.jpg",300,300,true],"wcsmall":["https:\/\/adcmemorial.org\/wp-content\/uploads\/sky-europe-line-mast-flag-blue-1084714-pxhere.com_-250x167.jpg",250,167,true],"wcstandard":["https:\/\/adcmemorial.org\/wp-content\/uploads\/sky-europe-line-mast-flag-blue-1084714-pxhere.com_-550x367.jpg",550,367,true],"wcbig":["https:\/\/adcmemorial.org\/wp-content\/uploads\/sky-europe-line-mast-flag-blue-1084714-pxhere.com_-800x533.jpg",800,533,true],"wcfixedheightsmall":["https:\/\/adcmemorial.org\/wp-content\/uploads\/sky-europe-line-mast-flag-blue-1084714-pxhere.com_-270x180.jpg",270,180,true],"wcfixedheightmedium":["https:\/\/adcmemorial.org\/wp-content\/uploads\/sky-europe-line-mast-flag-blue-1084714-pxhere.com_-450x300.jpg",450,300,true],"wcfixedheight":["https:\/\/adcmemorial.org\/wp-content\/uploads\/sky-europe-line-mast-flag-blue-1084714-pxhere.com_-750x500.jpg",750,500,true],"wccarouselsmall":["https:\/\/adcmemorial.org\/wp-content\/uploads\/sky-europe-line-mast-flag-blue-1084714-pxhere.com_-210x150.jpg",210,150,true],"wccarousel":["https:\/\/adcmemorial.org\/wp-content\/uploads\/sky-europe-line-mast-flag-blue-1084714-pxhere.com_-400x285.jpg",400,285,true],"wcslider":["https:\/\/adcmemorial.org\/wp-content\/uploads\/sky-europe-line-mast-flag-blue-1084714-pxhere.com_-1100x500.jpg",1100,500,true]},"post_excerpt_stackable_v2":"<p>Brussels, 11 July 2024 The European Union was founded on the principles of equality and non-discrimination. Yet too many people continue to face discrimination and inequality across the Union, including intersectional and multiple forms of discrimination in all aspects of their lives. In the current climate, it is now imperative that the EU institutions strengthen their resolve to take meaningful and urgent action to address this reality.&hellip;<\/p>\n","category_list_v2":"<a href=\"https:\/\/adcmemorial.org\/en\/category\/news\/\" rel=\"category tag\">News<\/a>","author_info_v2":{"name":"admin3","url":"https:\/\/adcmemorial.org\/en\/author\/admin3\/"},"comments_num_v2":"0 comments","amp_enabled":true,"_links":{"self":[{"href":"https:\/\/adcmemorial.org\/en\/wp-json\/wp\/v2\/posts\/34608","targetHints":{"allow":["GET"]}}],"collection":[{"href":"https:\/\/adcmemorial.org\/en\/wp-json\/wp\/v2\/posts"}],"about":[{"href":"https:\/\/adcmemorial.org\/en\/wp-json\/wp\/v2\/types\/post"}],"author":[{"embeddable":true,"href":"https:\/\/adcmemorial.org\/en\/wp-json\/wp\/v2\/users\/3"}],"replies":[{"embeddable":true,"href":"https:\/\/adcmemorial.org\/en\/wp-json\/wp\/v2\/comments?post=34608"}],"version-history":[{"count":6,"href":"https:\/\/adcmemorial.org\/en\/wp-json\/wp\/v2\/posts\/34608\/revisions"}],"predecessor-version":[{"id":34614,"href":"https:\/\/adcmemorial.org\/en\/wp-json\/wp\/v2\/posts\/34608\/revisions\/34614"}],"wp:featuredmedia":[{"embeddable":true,"href":"https:\/\/adcmemorial.org\/en\/wp-json\/wp\/v2\/media\/20775"}],"wp:attachment":[{"href":"https:\/\/adcmemorial.org\/en\/wp-json\/wp\/v2\/media?parent=34608"}],"wp:term":[{"taxonomy":"category","embeddable":true,"href":"https:\/\/adcmemorial.org\/en\/wp-json\/wp\/v2\/categories?post=34608"},{"taxonomy":"post_tag","embeddable":true,"href":"https:\/\/adcmemorial.org\/en\/wp-json\/wp\/v2\/tags?post=34608"},{"taxonomy":"strategy_cases","embeddable":true,"href":"https:\/\/adcmemorial.org\/en\/wp-json\/wp\/v2\/strategy_cases?post=34608"},{"taxonomy":"campaign","embeddable":true,"href":"https:\/\/adcmemorial.org\/en\/wp-json\/wp\/v2\/campaign?post=34608"},{"taxonomy":"archive","embeddable":true,"href":"https:\/\/adcmemorial.org\/en\/wp-json\/wp\/v2\/archive?post=34608"},{"taxonomy":"filter-content","embeddable":true,"href":"https:\/\/adcmemorial.org\/en\/wp-json\/wp\/v2\/filter-content?post=34608"},{"taxonomy":"regions","embeddable":true,"href":"https:\/\/adcmemorial.org\/en\/wp-json\/wp\/v2\/regions?post=34608"}],"curies":[{"name":"wp","href":"https:\/\/api.w.org\/{rel}","templated":true}]}}